{"id":25958341,"date":"2026-03-11T15:34:37","date_gmt":"2026-03-11T14:34:37","guid":{"rendered":"https:\/\/cubity.stiftung-findeisen.de\/?p=25958341"},"modified":"2026-03-11T16:02:52","modified_gmt":"2026-03-11T15:02:52","slug":"architektur-und-flucht-sharon-nathan-im-gespraech-mit-dem-europaabgeordneten-lukas-sieper","status":"publish","type":"post","link":"https:\/\/cubity.stiftung-findeisen.de\/en\/architektur-und-flucht-sharon-nathan-im-gespraech-mit-dem-europaabgeordneten-lukas-sieper\/","title":{"rendered":"Architecture and Refuge: Sharon Nathan in Conversation with Member of the European Parliament Lukas Sieper"},"content":{"rendered":"[et_pb_section fb_built=&#8221;1&#8243; admin_label=&#8221;section&#8221; _builder_version=&#8221;4.16&#8243; global_colors_info=&#8221;{}&#8221;][et_pb_row admin_label=&#8221;row&#8221; _builder_version=&#8221;4.16&#8243; background_size=&#8221;initial&#8221; background_position=&#8221;top_left&#8221; background_repeat=&#8221;repeat&#8221; global_colors_info=&#8221;{}&#8221;][et_pb_column type=&#8221;4_4&#8243; _builder_version=&#8221;4.16&#8243; custom_padding=&#8221;|||&#8221; global_colors_info=&#8221;{}&#8221; custom_padding__hover=&#8221;|||&#8221;][et_pb_text admin_label=&#8221;Text&#8221; _builder_version=&#8221;4.27.6&#8243; background_size=&#8221;initial&#8221; background_position=&#8221;top_left&#8221; background_repeat=&#8221;repeat&#8221; hover_enabled=&#8221;0&#8243; global_colors_info=&#8221;{}&#8221; sticky_enabled=&#8221;0&#8243;]\n<p>When it comes to discussions about displacement, political catchphrases, statistics, or legal questions around asylum law usually dominate. Much less often is attention paid to another, very tangible aspect: the places where people arrive. Buildings, shelters, and temporary housing forms are a central part of this reality. They shape not only the daily lives of those living there but also society\u2019s perception of migration in Germany.<\/p>\n<h2>The Role of Architecture and Urban Planning in Receiving People Seeking Protection<\/h2>\n<p>It was precisely at this point that an interview took place between MEP Lukas Sieper (Party of Progress) and art and architectural historian Sharon Nathan on March 6, 2026. For his podcast format, Sieper invited Nathan to a candid conversation designed to offer a different perspective on the topic of displacement. The focus was not on legal or administrative dimensions, but rather on the role that architecture and urban planning play in the reception of people seeking protection.<\/p>\n<p>Sharon Nathan has been working for two years as a research associate at the Britta and Ulrich Findeisen Foundation for Art and Architecture. For about a year, he has also been pursuing a PhD on the history and architecture of refugee accommodations in Germany since 2015. His research thus combines practical work at the foundation with a cultural and architectural perspective on displacement and built environments.<\/p>\n<div id=\"attachment_25958353\" style=\"width: 1010px\" class=\"wp-caption alignnone\"><img loading=\"lazy\" decoding=\"async\" aria-describedby=\"caption-attachment-25958353\" class=\"wp-image-25958353 size-full\" src=\"https:\/\/cubity.stiftung-findeisen.de\/wp-content\/uploads\/2026\/03\/Sharon-Nathan.jpg\" alt=\"Sharon Nathan\" width=\"1000\" height=\"563\" srcset=\"https:\/\/cubity.stiftung-findeisen.de\/wp-content\/uploads\/2026\/03\/Sharon-Nathan.jpg 1000w, https:\/\/cubity.stiftung-findeisen.de\/wp-content\/uploads\/2026\/03\/Sharon-Nathan-980x552.jpg 980w, https:\/\/cubity.stiftung-findeisen.de\/wp-content\/uploads\/2026\/03\/Sharon-Nathan-480x270.jpg 480w\" sizes=\"(min-width: 0px) and (max-width: 480px) 480px, (min-width: 481px) and (max-width: 980px) 980px, (min-width: 981px) 1000px, 100vw\" \/><p id=\"caption-attachment-25958353\" class=\"wp-caption-text\">Sharon Nathan, art and architectural historian and research associate at the Britta and Ulrich Findeisen Foundation for Art and Architecture, is pursuing a PhD on the history and architecture of refugee accommodations in Germany. \u00a9 Sharon Nathan<\/p><\/div>\n<h2>European Asylum Policy in 2015<\/h2>\n<p>The conversation initially focused on the political context of the events around 2015 and the question of how the much-cited \u201crefugee crisis\u201d of that time should be understood. Nathan pointed to a finding often discussed in academic discourse: the challenges of 2015 were less about the absolute number of people arriving and more about the lack of coordination in European asylum policy. In particular, the functioning of the Dublin system meant that individual countries had to organize the bulk of the reception themselves.<\/p>\n<blockquote>\n<p><strong>\u201eThe so-called refugee crisis of 2015 was not a crisis of the refugees. It was a crisis of European administration and solidarity.\u201c<\/strong><\/p>\n<p>Sharon Nathan, art and architectural historian<\/p>\n<\/blockquote>\n<p>At the same time, public perception of the events was heavily shaped by the communication of the numbers. According to the German Federal Ministry of the Interior and Community, around 890,000 people seeking protection were registered in Germany in 2015. By 2016, this number had dropped significantly to about 290,000 registered arrivals. The conversation made it clear that societal perceptions of migration often assumed much higher numbers.<\/p>\n<h2>The Influence of Architecture on Integration Processes<\/h2>\n<p>From this political level, the conversation shifted to Nathan\u2019s actual field of research: the built environment of arrival. When people arrive, an immediate spatial and architectural question arises: where and how are they accommodated? Nathan explained that various types of refugee accommodations have developed in Germany, such as initial reception centers, collective shelters, or modular housing complexes. Many of these buildings are constructed under significant time pressure. What is initially planned as a temporary solution often remains in use for years in practice.<\/p>\n<p>Sieper was particularly interested in whether architecture itself could influence integration processes. Nathan emphasized that spatial factors indeed play a role. The location of a facility, its integration into existing neighborhoods, and its proximity to infrastructure, employment, and educational institutions can be decisive for how well arrival and social participation succeed.<\/p>\n<p>These questions also form the starting point for Nathan\u2019s current research. In the second year of his PhD, he has begun systematically visiting and documenting accommodations in different regions of Germany. The aim is to examine their architectural concepts, spatial organization, and historical development in more detail.<\/p>\n<h2>Designing Spaces as a Long-Term Task for Politics, Planning, and Research<\/h2>\n<p>The conversation repeatedly highlighted that asylum-related migration is not a short-term exception. Rather, it is a long-term societal reality to which architecture and urban planning must respond. The design of the spaces where people arrive therefore remains an ongoing responsibility for politics, planning, and research alike.<\/p>\n<p>The full podcast featuring the conversation between Lukas Sieper and Sharon Nathan will be released in the coming weeks. The publication is scheduled for approximately three weeks after the recording and will be available on the digital channels of the Party of Progress. There, the conversation can be listened to in full, with the topics discussed in the interview explored in greater depth.<\/p>\n[\/et_pb_text][\/et_pb_column][\/et_pb_row][\/et_pb_section]\n","protected":false},"excerpt":{"rendered":"<p>In a podcast, art and architectural historian Sharon Nathan talks with MEP Lukas Sieper about the role of architecture and urban planning in the reception of people seeking protection.<\/p>\n","protected":false},"author":8,"featured_media":25958369,"comment_status":"open","ping_status":"open","sticky":false,"template":"","format":"standard","meta":{"_et_pb_use_builder":"on","_et_pb_old_content":"<h2>W\u00fcrdigung des CUBITY f\u00fcr sein innovatives Konzept<\/h2>\r\nDem CUBITY wurde die Auszeichnung \u201eVorbildliche Bauten im Land Hessen 2020\" verliehen. Die renommierte Auszeichnung wird von dem Land Hessen und der Architekten- und Stadtplanerkammer Hessen auf dem Gebiet des nachhaltigen Planens und Bauens in der Preiskategorie Neubau, Auszeichnung Vorbildlicher Bauten im Land Hessen 2020, vergeben.\r\n\r\nDas Auszeichnungsverfahren \u201eVorbildliche Bauten im Land Hessen \u2013 Preis f\u00fcr Architektur und St\u00e4dtebau\u201c wird im Turnus von drei Jahren ausgelobt. Die Auszeichnung wird seit 1954 vergeben und z\u00e4hlt zu den \u00e4ltesten anerkannten Architekturpreisen in Deutschland. Die Auszeichnung hatte das CUBITY bereits im Jahr 2022 erhalten, die Plakette wurde 2024 nun offiziell \u00fcberreicht.\r\n\r\n<img class=\" wp-image-2410 aligncenter\" src=\"https:\/\/cubity.stiftung-findeisen.de\/wp-content\/uploads\/2024\/02\/Uebergabe-Auszeichnung-Cubity-Vorbildlicher-Bauten-im-Land-Hessen-2020-300x200.jpg\" alt=\"\u00dcbergabe Auszeichnung Cubity Vorbildliche Bauten im Land Hessen 2020\" width=\"816\" height=\"544\" \/>\r\n\r\nWeitere Informationen zu der Auszeichnung lesen Sie im Artikel <a href=\"https:\/\/cubity.stiftung-findeisen.de\/das-cubity-erhaelt-renommierte-auszeichnung-vorbildlicher-bauten-im-land-hessen-2020-und-geht-als-cubity-atelierhaus-auf-die-reise-nach-nordrhein-westfalen\/\">\u201eDas CUBITY erh\u00e4lt renommierte Auszeichnung Vorbildlicher Bauten im Land Hessen 2020 und geht als CUBITY-Atelierhaus auf die Reise nach Nordrhein-Westfalen\"<\/a>","_et_gb_content_width":"","footnotes":""},"categories":[41],"tags":[55,284,289,283,285,286,287,290,230,288,291],"dipi_cpt_category":[],"class_list":{"0":"post-25958341","1":"post","2":"type-post","3":"status-publish","4":"format-standard","5":"has-post-thumbnail","6":"hentry","7":"category-news","8":"tag-architecture","9":"tag-asylpolitik","10":"tag-asylum-policy","11":"tag-fluechtlingsunterkuenfte","13":"tag-lucas-sieper","14":"tag-podcast","15":"tag-refugee-accommodations","16":"tag-sharon-nathan-en","17":"tag-stadtplanung","18":"tag-urban-planning"},"yoast_head":"<!-- This site is optimized with the Yoast SEO plugin v27.4 - https:\/\/yoast.com\/product\/yoast-seo-wordpress\/ -->\n<title>Architecture and Refuge: Sharon Nathan in Conversation with MEP Lukas Sieper<\/title>\n<meta name=\"description\" content=\"Sharon Nathan talks with MEP Lukas Sieper about the role of architecture and urban planning in the reception of people seeking protection.\" \/>\n<meta name=\"robots\" content=\"index, follow, max-snippet:-1, max-image-preview:large, max-video-preview:-1\" \/>\n<link rel=\"canonical\" href=\"https:\/\/cubity.stiftung-findeisen.de\/en\/architektur-und-flucht-sharon-nathan-im-gespraech-mit-dem-europaabgeordneten-lukas-sieper\/\" \/>\n<meta property=\"og:locale\" content=\"en_US\" \/>\n<meta property=\"og:type\" content=\"article\" \/>\n<meta property=\"og:title\" content=\"Architecture and Refuge: Sharon Nathan in Conversation with MEP Lukas Sieper\" \/>\n<meta property=\"og:description\" content=\"Sharon Nathan talks with MEP Lukas Sieper about the role of architecture and urban planning in the reception of people seeking protection.\" \/>\n<meta property=\"og:url\" content=\"https:\/\/cubity.stiftung-findeisen.de\/en\/architektur-und-flucht-sharon-nathan-im-gespraech-mit-dem-europaabgeordneten-lukas-sieper\/\" \/>\n<meta property=\"og:site_name\" content=\"CUBITY-Atelierhaus\" \/>\n<meta property=\"article:published_time\" content=\"2026-03-11T14:34:37+00:00\" \/>\n<meta property=\"article:modified_time\" content=\"2026-03-11T15:02:52+00:00\" \/>\n<meta property=\"og:image\" content=\"https:\/\/cubity.stiftung-findeisen.de\/wp-content\/uploads\/2026\/03\/Interview-MEP-Lukas-Sieper.jpg\" \/>\n\t<meta property=\"og:image:width\" content=\"1000\" \/>\n\t<meta property=\"og:image:height\" content=\"700\" \/>\n\t<meta property=\"og:image:type\" content=\"image\/jpeg\" \/>\n<meta name=\"author\" content=\"Sharon Nathan\" \/>\n<meta name=\"twitter:card\" content=\"summary_large_image\" \/>\n<meta name=\"twitter:label1\" content=\"Written by\" \/>\n\t<meta name=\"twitter:data1\" content=\"Sharon Nathan\" \/>\n\t<meta name=\"twitter:label2\" content=\"Est. reading time\" \/>\n\t<meta name=\"twitter:data2\" content=\"5 minutes\" \/>\n<script type=\"application\/ld+json\" class=\"yoast-schema-graph\">{\"@context\":\"https:\\\/\\\/schema.org\",\"@graph\":[{\"@type\":\"Article\",\"@id\":\"https:\\\/\\\/cubity.stiftung-findeisen.de\\\/en\\\/architektur-und-flucht-sharon-nathan-im-gespraech-mit-dem-europaabgeordneten-lukas-sieper\\\/#article\",\"isPartOf\":{\"@id\":\"https:\\\/\\\/cubity.stiftung-findeisen.de\\\/en\\\/architektur-und-flucht-sharon-nathan-im-gespraech-mit-dem-europaabgeordneten-lukas-sieper\\\/\"},\"author\":{\"name\":\"Sharon Nathan\",\"@id\":\"https:\\\/\\\/cubity.stiftung-findeisen.de\\\/en\\\/#\\\/schema\\\/person\\\/a1dca3e7b74f13e5ad541a0139b7744b\"},\"headline\":\"Architecture and Refuge: Sharon Nathan in Conversation with Member of the European Parliament Lukas Sieper\",\"datePublished\":\"2026-03-11T14:34:37+00:00\",\"dateModified\":\"2026-03-11T15:02:52+00:00\",\"mainEntityOfPage\":{\"@id\":\"https:\\\/\\\/cubity.stiftung-findeisen.de\\\/en\\\/architektur-und-flucht-sharon-nathan-im-gespraech-mit-dem-europaabgeordneten-lukas-sieper\\\/\"},\"wordCount\":848,\"commentCount\":0,\"image\":{\"@id\":\"https:\\\/\\\/cubity.stiftung-findeisen.de\\\/en\\\/architektur-und-flucht-sharon-nathan-im-gespraech-mit-dem-europaabgeordneten-lukas-sieper\\\/#primaryimage\"},\"thumbnailUrl\":\"https:\\\/\\\/cubity.stiftung-findeisen.de\\\/wp-content\\\/uploads\\\/2026\\\/03\\\/Interview-MEP-Lukas-Sieper.jpg\",\"keywords\":[\"Architecture\",\"Asylpolitik\",\"Asylum Policy\",\"Fl\u00fcchtlingsunterk\u00fcnfte\",\"Fl\u00fcchtlingsunterk\u00fcnfte\",\"Lucas Sieper\",\"Podcast\",\"Refugee Accommodations\",\"Sharon Nathan\",\"Stadtplanung\",\"Urban Planning\"],\"articleSection\":[\"News\"],\"inLanguage\":\"en-US\",\"potentialAction\":[{\"@type\":\"CommentAction\",\"name\":\"Comment\",\"target\":[\"https:\\\/\\\/cubity.stiftung-findeisen.de\\\/en\\\/architektur-und-flucht-sharon-nathan-im-gespraech-mit-dem-europaabgeordneten-lukas-sieper\\\/#respond\"]}]},{\"@type\":\"WebPage\",\"@id\":\"https:\\\/\\\/cubity.stiftung-findeisen.de\\\/en\\\/architektur-und-flucht-sharon-nathan-im-gespraech-mit-dem-europaabgeordneten-lukas-sieper\\\/\",\"url\":\"https:\\\/\\\/cubity.stiftung-findeisen.de\\\/en\\\/architektur-und-flucht-sharon-nathan-im-gespraech-mit-dem-europaabgeordneten-lukas-sieper\\\/\",\"name\":\"Architecture and Refuge: Sharon Nathan in Conversation with MEP Lukas Sieper\",\"isPartOf\":{\"@id\":\"https:\\\/\\\/cubity.stiftung-findeisen.de\\\/en\\\/#website\"},\"primaryImageOfPage\":{\"@id\":\"https:\\\/\\\/cubity.stiftung-findeisen.de\\\/en\\\/architektur-und-flucht-sharon-nathan-im-gespraech-mit-dem-europaabgeordneten-lukas-sieper\\\/#primaryimage\"},\"image\":{\"@id\":\"https:\\\/\\\/cubity.stiftung-findeisen.de\\\/en\\\/architektur-und-flucht-sharon-nathan-im-gespraech-mit-dem-europaabgeordneten-lukas-sieper\\\/#primaryimage\"},\"thumbnailUrl\":\"https:\\\/\\\/cubity.stiftung-findeisen.de\\\/wp-content\\\/uploads\\\/2026\\\/03\\\/Interview-MEP-Lukas-Sieper.jpg\",\"datePublished\":\"2026-03-11T14:34:37+00:00\",\"dateModified\":\"2026-03-11T15:02:52+00:00\",\"author\":{\"@id\":\"https:\\\/\\\/cubity.stiftung-findeisen.de\\\/en\\\/#\\\/schema\\\/person\\\/a1dca3e7b74f13e5ad541a0139b7744b\"},\"description\":\"Sharon Nathan talks with MEP Lukas Sieper about the role of architecture and urban planning in the reception of people seeking protection.\",\"breadcrumb\":{\"@id\":\"https:\\\/\\\/cubity.stiftung-findeisen.de\\\/en\\\/architektur-und-flucht-sharon-nathan-im-gespraech-mit-dem-europaabgeordneten-lukas-sieper\\\/#breadcrumb\"},\"inLanguage\":\"en-US\",\"potentialAction\":[{\"@type\":\"ReadAction\",\"target\":[\"https:\\\/\\\/cubity.stiftung-findeisen.de\\\/en\\\/architektur-und-flucht-sharon-nathan-im-gespraech-mit-dem-europaabgeordneten-lukas-sieper\\\/\"]}]},{\"@type\":\"ImageObject\",\"inLanguage\":\"en-US\",\"@id\":\"https:\\\/\\\/cubity.stiftung-findeisen.de\\\/en\\\/architektur-und-flucht-sharon-nathan-im-gespraech-mit-dem-europaabgeordneten-lukas-sieper\\\/#primaryimage\",\"url\":\"https:\\\/\\\/cubity.stiftung-findeisen.de\\\/wp-content\\\/uploads\\\/2026\\\/03\\\/Interview-MEP-Lukas-Sieper.jpg\",\"contentUrl\":\"https:\\\/\\\/cubity.stiftung-findeisen.de\\\/wp-content\\\/uploads\\\/2026\\\/03\\\/Interview-MEP-Lukas-Sieper.jpg\",\"width\":1000,\"height\":700,\"caption\":\"Interview MEP Lukas Sieper\"},{\"@type\":\"BreadcrumbList\",\"@id\":\"https:\\\/\\\/cubity.stiftung-findeisen.de\\\/en\\\/architektur-und-flucht-sharon-nathan-im-gespraech-mit-dem-europaabgeordneten-lukas-sieper\\\/#breadcrumb\",\"itemListElement\":[{\"@type\":\"ListItem\",\"position\":1,\"name\":\"Startseite\",\"item\":\"https:\\\/\\\/cubity.stiftung-findeisen.de\\\/en\\\/\"},{\"@type\":\"ListItem\",\"position\":2,\"name\":\"Architecture and Refuge: Sharon Nathan in Conversation with Member of the European Parliament Lukas Sieper\"}]},{\"@type\":\"WebSite\",\"@id\":\"https:\\\/\\\/cubity.stiftung-findeisen.de\\\/en\\\/#website\",\"url\":\"https:\\\/\\\/cubity.stiftung-findeisen.de\\\/en\\\/\",\"name\":\"CUBITY-Atelierhaus\",\"description\":\"Stiftung Findeisen\",\"potentialAction\":[{\"@type\":\"SearchAction\",\"target\":{\"@type\":\"EntryPoint\",\"urlTemplate\":\"https:\\\/\\\/cubity.stiftung-findeisen.de\\\/en\\\/?s={search_term_string}\"},\"query-input\":{\"@type\":\"PropertyValueSpecification\",\"valueRequired\":true,\"valueName\":\"search_term_string\"}}],\"inLanguage\":\"en-US\"},{\"@type\":\"Person\",\"@id\":\"https:\\\/\\\/cubity.stiftung-findeisen.de\\\/en\\\/#\\\/schema\\\/person\\\/a1dca3e7b74f13e5ad541a0139b7744b\",\"name\":\"Sharon Nathan\"}]}<\/script>\n<!-- \/ Yoast SEO plugin. -->","yoast_head_json":{"title":"Architecture and Refuge: Sharon Nathan in Conversation with MEP Lukas Sieper","description":"Sharon Nathan talks with MEP Lukas Sieper about the role of architecture and urban planning in the reception of people seeking protection.","robots":{"index":"index","follow":"follow","max-snippet":"max-snippet:-1","max-image-preview":"max-image-preview:large","max-video-preview":"max-video-preview:-1"},"canonical":"https:\/\/cubity.stiftung-findeisen.de\/en\/architektur-und-flucht-sharon-nathan-im-gespraech-mit-dem-europaabgeordneten-lukas-sieper\/","og_locale":"en_US","og_type":"article","og_title":"Architecture and Refuge: Sharon Nathan in Conversation with MEP Lukas Sieper","og_description":"Sharon Nathan talks with MEP Lukas Sieper about the role of architecture and urban planning in the reception of people seeking protection.","og_url":"https:\/\/cubity.stiftung-findeisen.de\/en\/architektur-und-flucht-sharon-nathan-im-gespraech-mit-dem-europaabgeordneten-lukas-sieper\/","og_site_name":"CUBITY-Atelierhaus","article_published_time":"2026-03-11T14:34:37+00:00","article_modified_time":"2026-03-11T15:02:52+00:00","og_image":[{"width":1000,"height":700,"url":"https:\/\/cubity.stiftung-findeisen.de\/wp-content\/uploads\/2026\/03\/Interview-MEP-Lukas-Sieper.jpg","type":"image\/jpeg"}],"author":"Sharon Nathan","twitter_card":"summary_large_image","twitter_misc":{"Written by":"Sharon Nathan","Est. reading time":"5 minutes"},"schema":{"@context":"https:\/\/schema.org","@graph":[{"@type":"Article","@id":"https:\/\/cubity.stiftung-findeisen.de\/en\/architektur-und-flucht-sharon-nathan-im-gespraech-mit-dem-europaabgeordneten-lukas-sieper\/#article","isPartOf":{"@id":"https:\/\/cubity.stiftung-findeisen.de\/en\/architektur-und-flucht-sharon-nathan-im-gespraech-mit-dem-europaabgeordneten-lukas-sieper\/"},"author":{"name":"Sharon Nathan","@id":"https:\/\/cubity.stiftung-findeisen.de\/en\/#\/schema\/person\/a1dca3e7b74f13e5ad541a0139b7744b"},"headline":"Architecture and Refuge: Sharon Nathan in Conversation with Member of the European Parliament Lukas Sieper","datePublished":"2026-03-11T14:34:37+00:00","dateModified":"2026-03-11T15:02:52+00:00","mainEntityOfPage":{"@id":"https:\/\/cubity.stiftung-findeisen.de\/en\/architektur-und-flucht-sharon-nathan-im-gespraech-mit-dem-europaabgeordneten-lukas-sieper\/"},"wordCount":848,"commentCount":0,"image":{"@id":"https:\/\/cubity.stiftung-findeisen.de\/en\/architektur-und-flucht-sharon-nathan-im-gespraech-mit-dem-europaabgeordneten-lukas-sieper\/#primaryimage"},"thumbnailUrl":"https:\/\/cubity.stiftung-findeisen.de\/wp-content\/uploads\/2026\/03\/Interview-MEP-Lukas-Sieper.jpg","keywords":["Architecture","Asylpolitik","Asylum Policy","Fl\u00fcchtlingsunterk\u00fcnfte","Fl\u00fcchtlingsunterk\u00fcnfte","Lucas Sieper","Podcast","Refugee Accommodations","Sharon Nathan","Stadtplanung","Urban Planning"],"articleSection":["News"],"inLanguage":"en-US","potentialAction":[{"@type":"CommentAction","name":"Comment","target":["https:\/\/cubity.stiftung-findeisen.de\/en\/architektur-und-flucht-sharon-nathan-im-gespraech-mit-dem-europaabgeordneten-lukas-sieper\/#respond"]}]},{"@type":"WebPage","@id":"https:\/\/cubity.stiftung-findeisen.de\/en\/architektur-und-flucht-sharon-nathan-im-gespraech-mit-dem-europaabgeordneten-lukas-sieper\/","url":"https:\/\/cubity.stiftung-findeisen.de\/en\/architektur-und-flucht-sharon-nathan-im-gespraech-mit-dem-europaabgeordneten-lukas-sieper\/","name":"Architecture and Refuge: Sharon Nathan in Conversation with MEP Lukas Sieper","isPartOf":{"@id":"https:\/\/cubity.stiftung-findeisen.de\/en\/#website"},"primaryImageOfPage":{"@id":"https:\/\/cubity.stiftung-findeisen.de\/en\/architektur-und-flucht-sharon-nathan-im-gespraech-mit-dem-europaabgeordneten-lukas-sieper\/#primaryimage"},"image":{"@id":"https:\/\/cubity.stiftung-findeisen.de\/en\/architektur-und-flucht-sharon-nathan-im-gespraech-mit-dem-europaabgeordneten-lukas-sieper\/#primaryimage"},"thumbnailUrl":"https:\/\/cubity.stiftung-findeisen.de\/wp-content\/uploads\/2026\/03\/Interview-MEP-Lukas-Sieper.jpg","datePublished":"2026-03-11T14:34:37+00:00","dateModified":"2026-03-11T15:02:52+00:00","author":{"@id":"https:\/\/cubity.stiftung-findeisen.de\/en\/#\/schema\/person\/a1dca3e7b74f13e5ad541a0139b7744b"},"description":"Sharon Nathan talks with MEP Lukas Sieper about the role of architecture and urban planning in the reception of people seeking protection.","breadcrumb":{"@id":"https:\/\/cubity.stiftung-findeisen.de\/en\/architektur-und-flucht-sharon-nathan-im-gespraech-mit-dem-europaabgeordneten-lukas-sieper\/#breadcrumb"},"inLanguage":"en-US","potentialAction":[{"@type":"ReadAction","target":["https:\/\/cubity.stiftung-findeisen.de\/en\/architektur-und-flucht-sharon-nathan-im-gespraech-mit-dem-europaabgeordneten-lukas-sieper\/"]}]},{"@type":"ImageObject","inLanguage":"en-US","@id":"https:\/\/cubity.stiftung-findeisen.de\/en\/architektur-und-flucht-sharon-nathan-im-gespraech-mit-dem-europaabgeordneten-lukas-sieper\/#primaryimage","url":"https:\/\/cubity.stiftung-findeisen.de\/wp-content\/uploads\/2026\/03\/Interview-MEP-Lukas-Sieper.jpg","contentUrl":"https:\/\/cubity.stiftung-findeisen.de\/wp-content\/uploads\/2026\/03\/Interview-MEP-Lukas-Sieper.jpg","width":1000,"height":700,"caption":"Interview MEP Lukas Sieper"},{"@type":"BreadcrumbList","@id":"https:\/\/cubity.stiftung-findeisen.de\/en\/architektur-und-flucht-sharon-nathan-im-gespraech-mit-dem-europaabgeordneten-lukas-sieper\/#breadcrumb","itemListElement":[{"@type":"ListItem","position":1,"name":"Startseite","item":"https:\/\/cubity.stiftung-findeisen.de\/en\/"},{"@type":"ListItem","position":2,"name":"Architecture and Refuge: Sharon Nathan in Conversation with Member of the European Parliament Lukas Sieper"}]},{"@type":"WebSite","@id":"https:\/\/cubity.stiftung-findeisen.de\/en\/#website","url":"https:\/\/cubity.stiftung-findeisen.de\/en\/","name":"CUBITY-Atelierhaus","description":"Stiftung Findeisen","potentialAction":[{"@type":"SearchAction","target":{"@type":"EntryPoint","urlTemplate":"https:\/\/cubity.stiftung-findeisen.de\/en\/?s={search_term_string}"},"query-input":{"@type":"PropertyValueSpecification","valueRequired":true,"valueName":"search_term_string"}}],"inLanguage":"en-US"},{"@type":"Person","@id":"https:\/\/cubity.stiftung-findeisen.de\/en\/#\/schema\/person\/a1dca3e7b74f13e5ad541a0139b7744b","name":"Sharon Nathan"}]}},"_links":{"self":[{"href":"https:\/\/cubity.stiftung-findeisen.de\/en\/wp-json\/wp\/v2\/posts\/25958341","targetHints":{"allow":["GET"]}}],"collection":[{"href":"https:\/\/cubity.stiftung-findeisen.de\/en\/wp-json\/wp\/v2\/posts"}],"about":[{"href":"https:\/\/cubity.stiftung-findeisen.de\/en\/wp-json\/wp\/v2\/types\/post"}],"author":[{"embeddable":true,"href":"https:\/\/cubity.stiftung-findeisen.de\/en\/wp-json\/wp\/v2\/users\/8"}],"replies":[{"embeddable":true,"href":"https:\/\/cubity.stiftung-findeisen.de\/en\/wp-json\/wp\/v2\/comments?post=25958341"}],"version-history":[{"count":7,"href":"https:\/\/cubity.stiftung-findeisen.de\/en\/wp-json\/wp\/v2\/posts\/25958341\/revisions"}],"predecessor-version":[{"id":25958373,"href":"https:\/\/cubity.stiftung-findeisen.de\/en\/wp-json\/wp\/v2\/posts\/25958341\/revisions\/25958373"}],"wp:featuredmedia":[{"embeddable":true,"href":"https:\/\/cubity.stiftung-findeisen.de\/en\/wp-json\/wp\/v2\/media\/25958369"}],"wp:attachment":[{"href":"https:\/\/cubity.stiftung-findeisen.de\/en\/wp-json\/wp\/v2\/media?parent=25958341"}],"wp:term":[{"taxonomy":"category","embeddable":true,"href":"https:\/\/cubity.stiftung-findeisen.de\/en\/wp-json\/wp\/v2\/categories?post=25958341"},{"taxonomy":"post_tag","embeddable":true,"href":"https:\/\/cubity.stiftung-findeisen.de\/en\/wp-json\/wp\/v2\/tags?post=25958341"},{"taxonomy":"dipi_cpt_category","embeddable":true,"href":"https:\/\/cubity.stiftung-findeisen.de\/en\/wp-json\/wp\/v2\/dipi_cpt_category?post=25958341"}],"curies":[{"name":"wp","href":"https:\/\/api.w.org\/{rel}","templated":true}]}}